{"id":2718,"date":"2022-06-29T09:25:00","date_gmt":"2022-06-29T09:25:00","guid":{"rendered":"https:\/\/www.sciencesforlife.org\/?p=2718"},"modified":"2024-04-29T11:50:41","modified_gmt":"2024-04-29T11:50:41","slug":"29-6-ultimas-tendencias-de-employer-branding-en-el-sector-de-la-salud","status":"publish","type":"post","link":"http:\/\/www.sciencesforlife.org\/index.php\/2022\/06\/29\/29-6-ultimas-tendencias-de-employer-branding-en-el-sector-de-la-salud\/","title":{"rendered":"29\/6 \u00daltimas tendencias de Employer Branding en el sector de la salud\u200b"},"content":{"rendered":"\n<p>El pr\u00f3ximo 29 de junio se celebrar\u00e1 en la Marina de Valencia y encuentro organizado por SFL y Randstand, en el que se analizar\u00e1n tendencias de Employer Branding en nuestro sector.\u00a0<br>Adem\u00e1s en este encuentro hablaremos del Think Tank Sciencesforlife, su misi\u00f3n como proyecto de asociaci\u00f3n profesional y sus pr\u00f3ximos objetivos.\u00a0<br><a href=\"https:\/\/docs.google.com\/forms\/d\/e\/1FAIpQLSd9k06E6SxrJPZqwz_lbf5ydVnMGIJB5GimSbiHZATiZRqjUQ\/viewform\">Pincha aqu\u00ed para inscribirte<\/a><\/p>\n\n\n\n<figure class=\"wp-block-image size-large\"><img fetchpriority=\"high\" decoding=\"async\" width=\"630\" height=\"1024\" src=\"http:\/\/www.sciencesforlife.org\/wp-content\/uploads\/2022\/06\/Jornada-SFL-Randstad-630x1024.jpg\" alt=\"\" class=\"wp-image-1765\" srcset=\"http:\/\/www.sciencesforlife.org\/wp-content\/uploads\/2022\/06\/Jornada-SFL-Randstad-630x1024.jpg 630w, http:\/\/www.sciencesforlife.org\/wp-content\/uploads\/2022\/06\/Jornada-SFL-Randstad-185x300.jpg 185w, http:\/\/www.sciencesforlife.org\/wp-content\/uploads\/2022\/06\/Jornada-SFL-Randstad.jpg 666w\" sizes=\"(max-width: 630px) 100vw, 630px\" \/><\/figure>\n","protected":false},"excerpt":{"rendered":"<p>El pr\u00f3ximo 29 de junio se celebrar\u00e1 en la Marina de Valencia y encuentro organizado por&#8230;<\/p>\n","protected":false},"author":1,"featured_media":2478,"comment_status":"open","ping_status":"open","sticky":false,"template":"","format":"standard","meta":{"_monsterinsights_skip_tracking":false,"_monsterinsights_sitenote_active":false,"_monsterinsights_sitenote_note":"","_monsterinsights_sitenote_category":0,"_kadence_starter_templates_imported_post":false,"_kad_post_transparent":"","_kad_post_title":"","_kad_post_layout":"","_kad_post_sidebar_id":"","_kad_post_content_style":"","_kad_post_vertical_padding":"","_kad_post_feature":"","_kad_post_feature_position":"","_kad_post_header":false,"_kad_post_footer":false,"footnotes":""},"categories":[64],"tags":[],"class_list":["post-2718","post","type-post","status-publish","format-standard","has-post-thumbnail","hentry","category-eventos"],"yoast_head":"<!-- This site is optimized with the Yoast SEO plugin v22.2 - https:\/\/yoast.com\/wordpress\/plugins\/seo\/ -->\n<title>29\/6 \u00daltimas tendencias de Employer Branding en el sector de la salud\u200b - SciencesForLife<\/title>\n<meta name=\"robots\" content=\"index, follow, max-snippet:-1, max-image-preview:large, max-video-preview:-1\" \/>\n<link rel=\"canonical\" href=\"http:\/\/www.sciencesforlife.org\/index.php\/2022\/06\/29\/29-6-ultimas-tendencias-de-employer-branding-en-el-sector-de-la-salud\/\" \/>\n<meta property=\"og:locale\" content=\"es_ES\" \/>\n<meta property=\"og:type\" content=\"article\" \/>\n<meta property=\"og:title\" content=\"29\/6 \u00daltimas tendencias de Employer Branding en el sector de la salud\u200b - SciencesForLife\" \/>\n<meta property=\"og:description\" content=\"El pr\u00f3ximo 29 de junio se celebrar\u00e1 en la Marina de Valencia y encuentro organizado por...\" \/>\n<meta property=\"og:url\" content=\"http:\/\/www.sciencesforlife.org\/index.php\/2022\/06\/29\/29-6-ultimas-tendencias-de-employer-branding-en-el-sector-de-la-salud\/\" \/>\n<meta property=\"og:site_name\" content=\"SciencesForLife\" \/>\n<meta property=\"article:published_time\" content=\"2022-06-29T09:25:00+00:00\" \/>\n<meta property=\"article:modified_time\" content=\"2024-04-29T11:50:41+00:00\" \/>\n<meta property=\"og:image\" content=\"http:\/\/www.sciencesforlife.org\/wp-content\/uploads\/2022\/07\/MARCA_DEF-Con-Slogan-Vertical.png\" \/>\n\t<meta property=\"og:image:width\" content=\"437\" \/>\n\t<meta property=\"og:image:height\" content=\"375\" \/>\n\t<meta property=\"og:image:type\" content=\"image\/png\" \/>\n<meta name=\"author\" content=\"admin\" \/>\n<meta name=\"twitter:card\" content=\"summary_large_image\" \/>\n<meta name=\"twitter:label1\" content=\"Escrito por\" \/>\n\t<meta name=\"twitter:data1\" content=\"admin\" \/>\n<script type=\"application\/ld+json\" class=\"yoast-schema-graph\">{\"@context\":\"https:\/\/schema.org\",\"@graph\":[{\"@type\":\"Article\",\"@id\":\"http:\/\/www.sciencesforlife.org\/index.php\/2022\/06\/29\/29-6-ultimas-tendencias-de-employer-branding-en-el-sector-de-la-salud\/#article\",\"isPartOf\":{\"@id\":\"http:\/\/www.sciencesforlife.org\/index.php\/2022\/06\/29\/29-6-ultimas-tendencias-de-employer-branding-en-el-sector-de-la-salud\/\"},\"author\":{\"name\":\"admin\",\"@id\":\"https:\/\/www.sciencesforlife.org\/#\/schema\/person\/a4f9fdff324d320a33664e44250798a4\"},\"headline\":\"29\/6 \u00daltimas tendencias de Employer Branding en el sector de la salud\u200b\",\"datePublished\":\"2022-06-29T09:25:00+00:00\",\"dateModified\":\"2024-04-29T11:50:41+00:00\",\"mainEntityOfPage\":{\"@id\":\"http:\/\/www.sciencesforlife.org\/index.php\/2022\/06\/29\/29-6-ultimas-tendencias-de-employer-branding-en-el-sector-de-la-salud\/\"},\"wordCount\":71,\"commentCount\":0,\"publisher\":{\"@id\":\"https:\/\/www.sciencesforlife.org\/#organization\"},\"image\":{\"@id\":\"http:\/\/www.sciencesforlife.org\/index.php\/2022\/06\/29\/29-6-ultimas-tendencias-de-employer-branding-en-el-sector-de-la-salud\/#primaryimage\"},\"thumbnailUrl\":\"http:\/\/www.sciencesforlife.org\/wp-content\/uploads\/2022\/07\/MARCA_DEF-Con-Slogan-Vertical.png\",\"articleSection\":[\"EVENTOS\"],\"inLanguage\":\"es\",\"potentialAction\":[{\"@type\":\"CommentAction\",\"name\":\"Comment\",\"target\":[\"http:\/\/www.sciencesforlife.org\/index.php\/2022\/06\/29\/29-6-ultimas-tendencias-de-employer-branding-en-el-sector-de-la-salud\/#respond\"]}]},{\"@type\":\"WebPage\",\"@id\":\"http:\/\/www.sciencesforlife.org\/index.php\/2022\/06\/29\/29-6-ultimas-tendencias-de-employer-branding-en-el-sector-de-la-salud\/\",\"url\":\"http:\/\/www.sciencesforlife.org\/index.php\/2022\/06\/29\/29-6-ultimas-tendencias-de-employer-branding-en-el-sector-de-la-salud\/\",\"name\":\"29\/6 \u00daltimas tendencias de Employer Branding en el sector de la salud\u200b - SciencesForLife\",\"isPartOf\":{\"@id\":\"https:\/\/www.sciencesforlife.org\/#website\"},\"primaryImageOfPage\":{\"@id\":\"http:\/\/www.sciencesforlife.org\/index.php\/2022\/06\/29\/29-6-ultimas-tendencias-de-employer-branding-en-el-sector-de-la-salud\/#primaryimage\"},\"image\":{\"@id\":\"http:\/\/www.sciencesforlife.org\/index.php\/2022\/06\/29\/29-6-ultimas-tendencias-de-employer-branding-en-el-sector-de-la-salud\/#primaryimage\"},\"thumbnailUrl\":\"http:\/\/www.sciencesforlife.org\/wp-content\/uploads\/2022\/07\/MARCA_DEF-Con-Slogan-Vertical.png\",\"datePublished\":\"2022-06-29T09:25:00+00:00\",\"dateModified\":\"2024-04-29T11:50:41+00:00\",\"breadcrumb\":{\"@id\":\"http:\/\/www.sciencesforlife.org\/index.php\/2022\/06\/29\/29-6-ultimas-tendencias-de-employer-branding-en-el-sector-de-la-salud\/#breadcrumb\"},\"inLanguage\":\"es\",\"potentialAction\":[{\"@type\":\"ReadAction\",\"target\":[\"http:\/\/www.sciencesforlife.org\/index.php\/2022\/06\/29\/29-6-ultimas-tendencias-de-employer-branding-en-el-sector-de-la-salud\/\"]}]},{\"@type\":\"ImageObject\",\"inLanguage\":\"es\",\"@id\":\"http:\/\/www.sciencesforlife.org\/index.php\/2022\/06\/29\/29-6-ultimas-tendencias-de-employer-branding-en-el-sector-de-la-salud\/#primaryimage\",\"url\":\"http:\/\/www.sciencesforlife.org\/wp-content\/uploads\/2022\/07\/MARCA_DEF-Con-Slogan-Vertical.png\",\"contentUrl\":\"http:\/\/www.sciencesforlife.org\/wp-content\/uploads\/2022\/07\/MARCA_DEF-Con-Slogan-Vertical.png\",\"width\":437,\"height\":375},{\"@type\":\"BreadcrumbList\",\"@id\":\"http:\/\/www.sciencesforlife.org\/index.php\/2022\/06\/29\/29-6-ultimas-tendencias-de-employer-branding-en-el-sector-de-la-salud\/#breadcrumb\",\"itemListElement\":[{\"@type\":\"ListItem\",\"position\":1,\"name\":\"Portada\",\"item\":\"https:\/\/www.sciencesforlife.org\/\"},{\"@type\":\"ListItem\",\"position\":2,\"name\":\"29\/6 \u00daltimas tendencias de Employer Branding en el sector de la salud\u200b\"}]},{\"@type\":\"WebSite\",\"@id\":\"https:\/\/www.sciencesforlife.org\/#website\",\"url\":\"https:\/\/www.sciencesforlife.org\/\",\"name\":\"S4L\",\"description\":\"S&oacute;lo otro sitio de WordPress\",\"publisher\":{\"@id\":\"https:\/\/www.sciencesforlife.org\/#organization\"},\"potentialAction\":[{\"@type\":\"SearchAction\",\"target\":{\"@type\":\"EntryPoint\",\"urlTemplate\":\"https:\/\/www.sciencesforlife.org\/?s={search_term_string}\"},\"query-input\":\"required name=search_term_string\"}],\"inLanguage\":\"es\"},{\"@type\":\"Organization\",\"@id\":\"https:\/\/www.sciencesforlife.org\/#organization\",\"name\":\"SFL\",\"url\":\"https:\/\/www.sciencesforlife.org\/\",\"logo\":{\"@type\":\"ImageObject\",\"inLanguage\":\"es\",\"@id\":\"https:\/\/www.sciencesforlife.org\/#\/schema\/logo\/image\/\",\"url\":\"http:\/\/www.sciencesforlife.org\/wp-content\/uploads\/2022\/06\/sfl-fb-2.jpg\",\"contentUrl\":\"http:\/\/www.sciencesforlife.org\/wp-content\/uploads\/2022\/06\/sfl-fb-2.jpg\",\"width\":1131,\"height\":555,\"caption\":\"SFL\"},\"image\":{\"@id\":\"https:\/\/www.sciencesforlife.org\/#\/schema\/logo\/image\/\"}},{\"@type\":\"Person\",\"@id\":\"https:\/\/www.sciencesforlife.org\/#\/schema\/person\/a4f9fdff324d320a33664e44250798a4\",\"name\":\"admin\",\"image\":{\"@type\":\"ImageObject\",\"inLanguage\":\"es\",\"@id\":\"https:\/\/www.sciencesforlife.org\/#\/schema\/person\/image\/\",\"url\":\"https:\/\/secure.gravatar.com\/avatar\/f65bb83e1c30070e3e44b377babd417ce2e2adb4462b6c4e2a7daeca1cf2c6da?s=96&d=mm&r=g\",\"contentUrl\":\"https:\/\/secure.gravatar.com\/avatar\/f65bb83e1c30070e3e44b377babd417ce2e2adb4462b6c4e2a7daeca1cf2c6da?s=96&d=mm&r=g\",\"caption\":\"admin\"},\"sameAs\":[\"http:\/\/www.sciencesforlife.org\"],\"url\":\"http:\/\/www.sciencesforlife.org\/index.php\/author\/admin\/\"}]}<\/script>\n<!-- \/ Yoast SEO plugin. -->","yoast_head_json":{"title":"29\/6 \u00daltimas tendencias de Employer Branding en el sector de la salud\u200b - SciencesForLife","robots":{"index":"index","follow":"follow","max-snippet":"max-snippet:-1","max-image-preview":"max-image-preview:large","max-video-preview":"max-video-preview:-1"},"canonical":"http:\/\/www.sciencesforlife.org\/index.php\/2022\/06\/29\/29-6-ultimas-tendencias-de-employer-branding-en-el-sector-de-la-salud\/","og_locale":"es_ES","og_type":"article","og_title":"29\/6 \u00daltimas tendencias de Employer Branding en el sector de la salud\u200b - SciencesForLife","og_description":"El pr\u00f3ximo 29 de junio se celebrar\u00e1 en la Marina de Valencia y encuentro organizado por...","og_url":"http:\/\/www.sciencesforlife.org\/index.php\/2022\/06\/29\/29-6-ultimas-tendencias-de-employer-branding-en-el-sector-de-la-salud\/","og_site_name":"SciencesForLife","article_published_time":"2022-06-29T09:25:00+00:00","article_modified_time":"2024-04-29T11:50:41+00:00","og_image":[{"width":437,"height":375,"url":"http:\/\/www.sciencesforlife.org\/wp-content\/uploads\/2022\/07\/MARCA_DEF-Con-Slogan-Vertical.png","type":"image\/png"}],"author":"admin","twitter_card":"summary_large_image","twitter_misc":{"Escrito por":"admin"},"schema":{"@context":"https:\/\/schema.org","@graph":[{"@type":"Article","@id":"http:\/\/www.sciencesforlife.org\/index.php\/2022\/06\/29\/29-6-ultimas-tendencias-de-employer-branding-en-el-sector-de-la-salud\/#article","isPartOf":{"@id":"http:\/\/www.sciencesforlife.org\/index.php\/2022\/06\/29\/29-6-ultimas-tendencias-de-employer-branding-en-el-sector-de-la-salud\/"},"author":{"name":"admin","@id":"https:\/\/www.sciencesforlife.org\/#\/schema\/person\/a4f9fdff324d320a33664e44250798a4"},"headline":"29\/6 \u00daltimas tendencias de Employer Branding en el sector de la salud\u200b","datePublished":"2022-06-29T09:25:00+00:00","dateModified":"2024-04-29T11:50:41+00:00","mainEntityOfPage":{"@id":"http:\/\/www.sciencesforlife.org\/index.php\/2022\/06\/29\/29-6-ultimas-tendencias-de-employer-branding-en-el-sector-de-la-salud\/"},"wordCount":71,"commentCount":0,"publisher":{"@id":"https:\/\/www.sciencesforlife.org\/#organization"},"image":{"@id":"http:\/\/www.sciencesforlife.org\/index.php\/2022\/06\/29\/29-6-ultimas-tendencias-de-employer-branding-en-el-sector-de-la-salud\/#primaryimage"},"thumbnailUrl":"http:\/\/www.sciencesforlife.org\/wp-content\/uploads\/2022\/07\/MARCA_DEF-Con-Slogan-Vertical.png","articleSection":["EVENTOS"],"inLanguage":"es","potentialAction":[{"@type":"CommentAction","name":"Comment","target":["http:\/\/www.sciencesforlife.org\/index.php\/2022\/06\/29\/29-6-ultimas-tendencias-de-employer-branding-en-el-sector-de-la-salud\/#respond"]}]},{"@type":"WebPage","@id":"http:\/\/www.sciencesforlife.org\/index.php\/2022\/06\/29\/29-6-ultimas-tendencias-de-employer-branding-en-el-sector-de-la-salud\/","url":"http:\/\/www.sciencesforlife.org\/index.php\/2022\/06\/29\/29-6-ultimas-tendencias-de-employer-branding-en-el-sector-de-la-salud\/","name":"29\/6 \u00daltimas tendencias de Employer Branding en el sector de la salud\u200b - SciencesForLife","isPartOf":{"@id":"https:\/\/www.sciencesforlife.org\/#website"},"primaryImageOfPage":{"@id":"http:\/\/www.sciencesforlife.org\/index.php\/2022\/06\/29\/29-6-ultimas-tendencias-de-employer-branding-en-el-sector-de-la-salud\/#primaryimage"},"image":{"@id":"http:\/\/www.sciencesforlife.org\/index.php\/2022\/06\/29\/29-6-ultimas-tendencias-de-employer-branding-en-el-sector-de-la-salud\/#primaryimage"},"thumbnailUrl":"http:\/\/www.sciencesforlife.org\/wp-content\/uploads\/2022\/07\/MARCA_DEF-Con-Slogan-Vertical.png","datePublished":"2022-06-29T09:25:00+00:00","dateModified":"2024-04-29T11:50:41+00:00","breadcrumb":{"@id":"http:\/\/www.sciencesforlife.org\/index.php\/2022\/06\/29\/29-6-ultimas-tendencias-de-employer-branding-en-el-sector-de-la-salud\/#breadcrumb"},"inLanguage":"es","potentialAction":[{"@type":"ReadAction","target":["http:\/\/www.sciencesforlife.org\/index.php\/2022\/06\/29\/29-6-ultimas-tendencias-de-employer-branding-en-el-sector-de-la-salud\/"]}]},{"@type":"ImageObject","inLanguage":"es","@id":"http:\/\/www.sciencesforlife.org\/index.php\/2022\/06\/29\/29-6-ultimas-tendencias-de-employer-branding-en-el-sector-de-la-salud\/#primaryimage","url":"http:\/\/www.sciencesforlife.org\/wp-content\/uploads\/2022\/07\/MARCA_DEF-Con-Slogan-Vertical.png","contentUrl":"http:\/\/www.sciencesforlife.org\/wp-content\/uploads\/2022\/07\/MARCA_DEF-Con-Slogan-Vertical.png","width":437,"height":375},{"@type":"BreadcrumbList","@id":"http:\/\/www.sciencesforlife.org\/index.php\/2022\/06\/29\/29-6-ultimas-tendencias-de-employer-branding-en-el-sector-de-la-salud\/#breadcrumb","itemListElement":[{"@type":"ListItem","position":1,"name":"Portada","item":"https:\/\/www.sciencesforlife.org\/"},{"@type":"ListItem","position":2,"name":"29\/6 \u00daltimas tendencias de Employer Branding en el sector de la salud\u200b"}]},{"@type":"WebSite","@id":"https:\/\/www.sciencesforlife.org\/#website","url":"https:\/\/www.sciencesforlife.org\/","name":"S4L","description":"S&oacute;lo otro sitio de WordPress","publisher":{"@id":"https:\/\/www.sciencesforlife.org\/#organization"},"potentialAction":[{"@type":"SearchAction","target":{"@type":"EntryPoint","urlTemplate":"https:\/\/www.sciencesforlife.org\/?s={search_term_string}"},"query-input":"required name=search_term_string"}],"inLanguage":"es"},{"@type":"Organization","@id":"https:\/\/www.sciencesforlife.org\/#organization","name":"SFL","url":"https:\/\/www.sciencesforlife.org\/","logo":{"@type":"ImageObject","inLanguage":"es","@id":"https:\/\/www.sciencesforlife.org\/#\/schema\/logo\/image\/","url":"http:\/\/www.sciencesforlife.org\/wp-content\/uploads\/2022\/06\/sfl-fb-2.jpg","contentUrl":"http:\/\/www.sciencesforlife.org\/wp-content\/uploads\/2022\/06\/sfl-fb-2.jpg","width":1131,"height":555,"caption":"SFL"},"image":{"@id":"https:\/\/www.sciencesforlife.org\/#\/schema\/logo\/image\/"}},{"@type":"Person","@id":"https:\/\/www.sciencesforlife.org\/#\/schema\/person\/a4f9fdff324d320a33664e44250798a4","name":"admin","image":{"@type":"ImageObject","inLanguage":"es","@id":"https:\/\/www.sciencesforlife.org\/#\/schema\/person\/image\/","url":"https:\/\/secure.gravatar.com\/avatar\/f65bb83e1c30070e3e44b377babd417ce2e2adb4462b6c4e2a7daeca1cf2c6da?s=96&d=mm&r=g","contentUrl":"https:\/\/secure.gravatar.com\/avatar\/f65bb83e1c30070e3e44b377babd417ce2e2adb4462b6c4e2a7daeca1cf2c6da?s=96&d=mm&r=g","caption":"admin"},"sameAs":["http:\/\/www.sciencesforlife.org"],"url":"http:\/\/www.sciencesforlife.org\/index.php\/author\/admin\/"}]}},"_links":{"self":[{"href":"http:\/\/www.sciencesforlife.org\/index.php\/wp-json\/wp\/v2\/posts\/2718","targetHints":{"allow":["GET"]}}],"collection":[{"href":"http:\/\/www.sciencesforlife.org\/index.php\/wp-json\/wp\/v2\/posts"}],"about":[{"href":"http:\/\/www.sciencesforlife.org\/index.php\/wp-json\/wp\/v2\/types\/post"}],"author":[{"embeddable":true,"href":"http:\/\/www.sciencesforlife.org\/index.php\/wp-json\/wp\/v2\/users\/1"}],"replies":[{"embeddable":true,"href":"http:\/\/www.sciencesforlife.org\/index.php\/wp-json\/wp\/v2\/comments?post=2718"}],"version-history":[{"count":1,"href":"http:\/\/www.sciencesforlife.org\/index.php\/wp-json\/wp\/v2\/posts\/2718\/revisions"}],"predecessor-version":[{"id":2719,"href":"http:\/\/www.sciencesforlife.org\/index.php\/wp-json\/wp\/v2\/posts\/2718\/revisions\/2719"}],"wp:featuredmedia":[{"embeddable":true,"href":"http:\/\/www.sciencesforlife.org\/index.php\/wp-json\/wp\/v2\/media\/2478"}],"wp:attachment":[{"href":"http:\/\/www.sciencesforlife.org\/index.php\/wp-json\/wp\/v2\/media?parent=2718"}],"wp:term":[{"taxonomy":"category","embeddable":true,"href":"http:\/\/www.sciencesforlife.org\/index.php\/wp-json\/wp\/v2\/categories?post=2718"},{"taxonomy":"post_tag","embeddable":true,"href":"http:\/\/www.sciencesforlife.org\/index.php\/wp-json\/wp\/v2\/tags?post=2718"}],"curies":[{"name":"wp","href":"https:\/\/api.w.org\/{rel}","templated":true}]}}