{"id":2714,"date":"2022-07-27T09:19:00","date_gmt":"2022-07-27T09:19:00","guid":{"rendered":"https:\/\/www.sciencesforlife.org\/?p=2714"},"modified":"2024-04-10T09:27:36","modified_gmt":"2024-04-10T09:27:36","slug":"retos-y-oportunidades-del-sector-medtech-en-espana-segun-sus-directivos","status":"publish","type":"post","link":"http:\/\/www.sciencesforlife.org\/index.php\/2022\/07\/27\/retos-y-oportunidades-del-sector-medtech-en-espana-segun-sus-directivos\/","title":{"rendered":"Retos y oportunidades del sector MedTech en Espa\u00f1a seg\u00fan sus directivos"},"content":{"rendered":"\n<p>Interesante documento sobre retos y oportunidades en el sector MedTech.<br>Desde SFL queremos dar visibilidad y relevancia a este sector en nuestra comunidad dada su importancia en el desarrollo de un pa\u00eds. Y para muestra, un bot\u00f3n\u2026 o mejor algunos:<br>-Destina el 8% de gasto en I+D<br>-11.000 millones de facturaci\u00f3n en Espa\u00f1a.<br>-Un sector con perspectiva de crecimiento a medio y largo plazo; la esperanza de vida seguir\u00e1 aumentando y, en una poblaci\u00f3n cada vez m\u00e1s envejecida, se requerir\u00e1 de m\u00e1s cuidados sanitarios.<br>-Digital Healthcare como \u00e1rea de gran potencial de crecimiento.<br>Si quieres saber mas, te dejamos el documento completo.<\/p>\n\n\n\n<figure class=\"wp-block-image size-full\"><img fetchpriority=\"high\" decoding=\"async\" width=\"596\" height=\"840\" src=\"http:\/\/www.sciencesforlife.org\/wp-content\/uploads\/2022\/07\/Informe-IQVIA-2022.png\" alt=\"\" class=\"wp-image-2369\" srcset=\"http:\/\/www.sciencesforlife.org\/wp-content\/uploads\/2022\/07\/Informe-IQVIA-2022.png 596w, http:\/\/www.sciencesforlife.org\/wp-content\/uploads\/2022\/07\/Informe-IQVIA-2022-213x300.png 213w\" sizes=\"(max-width: 596px) 100vw, 596px\" \/><\/figure>\n","protected":false},"excerpt":{"rendered":"<p>Interesante documento sobre retos y oportunidades en el sector MedTech.Desde SFL queremos dar visibilidad y relevancia&#8230;<\/p>\n","protected":false},"author":1,"featured_media":2478,"comment_status":"open","ping_status":"open","sticky":false,"template":"","format":"standard","meta":{"_monsterinsights_skip_tracking":false,"_monsterinsights_sitenote_active":false,"_monsterinsights_sitenote_note":"","_monsterinsights_sitenote_category":0,"_kadence_starter_templates_imported_post":false,"_kad_post_transparent":"","_kad_post_title":"","_kad_post_layout":"","_kad_post_sidebar_id":"","_kad_post_content_style":"","_kad_post_vertical_padding":"","_kad_post_feature":"","_kad_post_feature_position":"","_kad_post_header":false,"_kad_post_footer":false,"footnotes":""},"categories":[60],"tags":[],"class_list":["post-2714","post","type-post","status-publish","format-standard","has-post-thumbnail","hentry","category-noticias"],"yoast_head":"<!-- This site is optimized with the Yoast SEO plugin v22.2 - https:\/\/yoast.com\/wordpress\/plugins\/seo\/ -->\n<title>Retos y oportunidades del sector MedTech en Espa\u00f1a seg\u00fan sus directivos - SciencesForLife<\/title>\n<meta name=\"robots\" content=\"index, follow, max-snippet:-1, max-image-preview:large, max-video-preview:-1\" \/>\n<link rel=\"canonical\" href=\"http:\/\/www.sciencesforlife.org\/index.php\/2022\/07\/27\/retos-y-oportunidades-del-sector-medtech-en-espana-segun-sus-directivos\/\" \/>\n<meta property=\"og:locale\" content=\"es_ES\" \/>\n<meta property=\"og:type\" content=\"article\" \/>\n<meta property=\"og:title\" content=\"Retos y oportunidades del sector MedTech en Espa\u00f1a seg\u00fan sus directivos - SciencesForLife\" \/>\n<meta property=\"og:description\" content=\"Interesante documento sobre retos y oportunidades en el sector MedTech.Desde SFL queremos dar visibilidad y relevancia...\" \/>\n<meta property=\"og:url\" content=\"http:\/\/www.sciencesforlife.org\/index.php\/2022\/07\/27\/retos-y-oportunidades-del-sector-medtech-en-espana-segun-sus-directivos\/\" \/>\n<meta property=\"og:site_name\" content=\"SciencesForLife\" \/>\n<meta property=\"article:published_time\" content=\"2022-07-27T09:19:00+00:00\" \/>\n<meta property=\"article:modified_time\" content=\"2024-04-10T09:27:36+00:00\" \/>\n<meta property=\"og:image\" content=\"http:\/\/www.sciencesforlife.org\/wp-content\/uploads\/2022\/07\/MARCA_DEF-Con-Slogan-Vertical.png\" \/>\n\t<meta property=\"og:image:width\" content=\"437\" \/>\n\t<meta property=\"og:image:height\" content=\"375\" \/>\n\t<meta property=\"og:image:type\" content=\"image\/png\" \/>\n<meta name=\"author\" content=\"admin\" \/>\n<meta name=\"twitter:card\" content=\"summary_large_image\" \/>\n<meta name=\"twitter:label1\" content=\"Escrito por\" \/>\n\t<meta name=\"twitter:data1\" content=\"admin\" \/>\n\t<meta name=\"twitter:label2\" content=\"Tiempo de lectura\" \/>\n\t<meta name=\"twitter:data2\" content=\"1 minuto\" \/>\n<script type=\"application\/ld+json\" class=\"yoast-schema-graph\">{\"@context\":\"https:\/\/schema.org\",\"@graph\":[{\"@type\":\"Article\",\"@id\":\"http:\/\/www.sciencesforlife.org\/index.php\/2022\/07\/27\/retos-y-oportunidades-del-sector-medtech-en-espana-segun-sus-directivos\/#article\",\"isPartOf\":{\"@id\":\"http:\/\/www.sciencesforlife.org\/index.php\/2022\/07\/27\/retos-y-oportunidades-del-sector-medtech-en-espana-segun-sus-directivos\/\"},\"author\":{\"name\":\"admin\",\"@id\":\"https:\/\/www.sciencesforlife.org\/#\/schema\/person\/a4f9fdff324d320a33664e44250798a4\"},\"headline\":\"Retos y oportunidades del sector MedTech en Espa\u00f1a seg\u00fan sus directivos\",\"datePublished\":\"2022-07-27T09:19:00+00:00\",\"dateModified\":\"2024-04-10T09:27:36+00:00\",\"mainEntityOfPage\":{\"@id\":\"http:\/\/www.sciencesforlife.org\/index.php\/2022\/07\/27\/retos-y-oportunidades-del-sector-medtech-en-espana-segun-sus-directivos\/\"},\"wordCount\":121,\"commentCount\":0,\"publisher\":{\"@id\":\"https:\/\/www.sciencesforlife.org\/#organization\"},\"image\":{\"@id\":\"http:\/\/www.sciencesforlife.org\/index.php\/2022\/07\/27\/retos-y-oportunidades-del-sector-medtech-en-espana-segun-sus-directivos\/#primaryimage\"},\"thumbnailUrl\":\"http:\/\/www.sciencesforlife.org\/wp-content\/uploads\/2022\/07\/MARCA_DEF-Con-Slogan-Vertical.png\",\"articleSection\":[\"NOTICIAS\"],\"inLanguage\":\"es\",\"potentialAction\":[{\"@type\":\"CommentAction\",\"name\":\"Comment\",\"target\":[\"http:\/\/www.sciencesforlife.org\/index.php\/2022\/07\/27\/retos-y-oportunidades-del-sector-medtech-en-espana-segun-sus-directivos\/#respond\"]}]},{\"@type\":\"WebPage\",\"@id\":\"http:\/\/www.sciencesforlife.org\/index.php\/2022\/07\/27\/retos-y-oportunidades-del-sector-medtech-en-espana-segun-sus-directivos\/\",\"url\":\"http:\/\/www.sciencesforlife.org\/index.php\/2022\/07\/27\/retos-y-oportunidades-del-sector-medtech-en-espana-segun-sus-directivos\/\",\"name\":\"Retos y oportunidades del sector MedTech en Espa\u00f1a seg\u00fan sus directivos - SciencesForLife\",\"isPartOf\":{\"@id\":\"https:\/\/www.sciencesforlife.org\/#website\"},\"primaryImageOfPage\":{\"@id\":\"http:\/\/www.sciencesforlife.org\/index.php\/2022\/07\/27\/retos-y-oportunidades-del-sector-medtech-en-espana-segun-sus-directivos\/#primaryimage\"},\"image\":{\"@id\":\"http:\/\/www.sciencesforlife.org\/index.php\/2022\/07\/27\/retos-y-oportunidades-del-sector-medtech-en-espana-segun-sus-directivos\/#primaryimage\"},\"thumbnailUrl\":\"http:\/\/www.sciencesforlife.org\/wp-content\/uploads\/2022\/07\/MARCA_DEF-Con-Slogan-Vertical.png\",\"datePublished\":\"2022-07-27T09:19:00+00:00\",\"dateModified\":\"2024-04-10T09:27:36+00:00\",\"breadcrumb\":{\"@id\":\"http:\/\/www.sciencesforlife.org\/index.php\/2022\/07\/27\/retos-y-oportunidades-del-sector-medtech-en-espana-segun-sus-directivos\/#breadcrumb\"},\"inLanguage\":\"es\",\"potentialAction\":[{\"@type\":\"ReadAction\",\"target\":[\"http:\/\/www.sciencesforlife.org\/index.php\/2022\/07\/27\/retos-y-oportunidades-del-sector-medtech-en-espana-segun-sus-directivos\/\"]}]},{\"@type\":\"ImageObject\",\"inLanguage\":\"es\",\"@id\":\"http:\/\/www.sciencesforlife.org\/index.php\/2022\/07\/27\/retos-y-oportunidades-del-sector-medtech-en-espana-segun-sus-directivos\/#primaryimage\",\"url\":\"http:\/\/www.sciencesforlife.org\/wp-content\/uploads\/2022\/07\/MARCA_DEF-Con-Slogan-Vertical.png\",\"contentUrl\":\"http:\/\/www.sciencesforlife.org\/wp-content\/uploads\/2022\/07\/MARCA_DEF-Con-Slogan-Vertical.png\",\"width\":437,\"height\":375},{\"@type\":\"BreadcrumbList\",\"@id\":\"http:\/\/www.sciencesforlife.org\/index.php\/2022\/07\/27\/retos-y-oportunidades-del-sector-medtech-en-espana-segun-sus-directivos\/#breadcrumb\",\"itemListElement\":[{\"@type\":\"ListItem\",\"position\":1,\"name\":\"Portada\",\"item\":\"https:\/\/www.sciencesforlife.org\/\"},{\"@type\":\"ListItem\",\"position\":2,\"name\":\"Retos y oportunidades del sector MedTech en Espa\u00f1a seg\u00fan sus directivos\"}]},{\"@type\":\"WebSite\",\"@id\":\"https:\/\/www.sciencesforlife.org\/#website\",\"url\":\"https:\/\/www.sciencesforlife.org\/\",\"name\":\"S4L\",\"description\":\"S&oacute;lo otro sitio de WordPress\",\"publisher\":{\"@id\":\"https:\/\/www.sciencesforlife.org\/#organization\"},\"potentialAction\":[{\"@type\":\"SearchAction\",\"target\":{\"@type\":\"EntryPoint\",\"urlTemplate\":\"https:\/\/www.sciencesforlife.org\/?s={search_term_string}\"},\"query-input\":\"required name=search_term_string\"}],\"inLanguage\":\"es\"},{\"@type\":\"Organization\",\"@id\":\"https:\/\/www.sciencesforlife.org\/#organization\",\"name\":\"SFL\",\"url\":\"https:\/\/www.sciencesforlife.org\/\",\"logo\":{\"@type\":\"ImageObject\",\"inLanguage\":\"es\",\"@id\":\"https:\/\/www.sciencesforlife.org\/#\/schema\/logo\/image\/\",\"url\":\"http:\/\/www.sciencesforlife.org\/wp-content\/uploads\/2022\/06\/sfl-fb-2.jpg\",\"contentUrl\":\"http:\/\/www.sciencesforlife.org\/wp-content\/uploads\/2022\/06\/sfl-fb-2.jpg\",\"width\":1131,\"height\":555,\"caption\":\"SFL\"},\"image\":{\"@id\":\"https:\/\/www.sciencesforlife.org\/#\/schema\/logo\/image\/\"}},{\"@type\":\"Person\",\"@id\":\"https:\/\/www.sciencesforlife.org\/#\/schema\/person\/a4f9fdff324d320a33664e44250798a4\",\"name\":\"admin\",\"image\":{\"@type\":\"ImageObject\",\"inLanguage\":\"es\",\"@id\":\"https:\/\/www.sciencesforlife.org\/#\/schema\/person\/image\/\",\"url\":\"https:\/\/secure.gravatar.com\/avatar\/f65bb83e1c30070e3e44b377babd417ce2e2adb4462b6c4e2a7daeca1cf2c6da?s=96&d=mm&r=g\",\"contentUrl\":\"https:\/\/secure.gravatar.com\/avatar\/f65bb83e1c30070e3e44b377babd417ce2e2adb4462b6c4e2a7daeca1cf2c6da?s=96&d=mm&r=g\",\"caption\":\"admin\"},\"sameAs\":[\"http:\/\/www.sciencesforlife.org\"],\"url\":\"http:\/\/www.sciencesforlife.org\/index.php\/author\/admin\/\"}]}<\/script>\n<!-- \/ Yoast SEO plugin. -->","yoast_head_json":{"title":"Retos y oportunidades del sector MedTech en Espa\u00f1a seg\u00fan sus directivos - SciencesForLife","robots":{"index":"index","follow":"follow","max-snippet":"max-snippet:-1","max-image-preview":"max-image-preview:large","max-video-preview":"max-video-preview:-1"},"canonical":"http:\/\/www.sciencesforlife.org\/index.php\/2022\/07\/27\/retos-y-oportunidades-del-sector-medtech-en-espana-segun-sus-directivos\/","og_locale":"es_ES","og_type":"article","og_title":"Retos y oportunidades del sector MedTech en Espa\u00f1a seg\u00fan sus directivos - SciencesForLife","og_description":"Interesante documento sobre retos y oportunidades en el sector MedTech.Desde SFL queremos dar visibilidad y relevancia...","og_url":"http:\/\/www.sciencesforlife.org\/index.php\/2022\/07\/27\/retos-y-oportunidades-del-sector-medtech-en-espana-segun-sus-directivos\/","og_site_name":"SciencesForLife","article_published_time":"2022-07-27T09:19:00+00:00","article_modified_time":"2024-04-10T09:27:36+00:00","og_image":[{"width":437,"height":375,"url":"http:\/\/www.sciencesforlife.org\/wp-content\/uploads\/2022\/07\/MARCA_DEF-Con-Slogan-Vertical.png","type":"image\/png"}],"author":"admin","twitter_card":"summary_large_image","twitter_misc":{"Escrito por":"admin","Tiempo de lectura":"1 minuto"},"schema":{"@context":"https:\/\/schema.org","@graph":[{"@type":"Article","@id":"http:\/\/www.sciencesforlife.org\/index.php\/2022\/07\/27\/retos-y-oportunidades-del-sector-medtech-en-espana-segun-sus-directivos\/#article","isPartOf":{"@id":"http:\/\/www.sciencesforlife.org\/index.php\/2022\/07\/27\/retos-y-oportunidades-del-sector-medtech-en-espana-segun-sus-directivos\/"},"author":{"name":"admin","@id":"https:\/\/www.sciencesforlife.org\/#\/schema\/person\/a4f9fdff324d320a33664e44250798a4"},"headline":"Retos y oportunidades del sector MedTech en Espa\u00f1a seg\u00fan sus directivos","datePublished":"2022-07-27T09:19:00+00:00","dateModified":"2024-04-10T09:27:36+00:00","mainEntityOfPage":{"@id":"http:\/\/www.sciencesforlife.org\/index.php\/2022\/07\/27\/retos-y-oportunidades-del-sector-medtech-en-espana-segun-sus-directivos\/"},"wordCount":121,"commentCount":0,"publisher":{"@id":"https:\/\/www.sciencesforlife.org\/#organization"},"image":{"@id":"http:\/\/www.sciencesforlife.org\/index.php\/2022\/07\/27\/retos-y-oportunidades-del-sector-medtech-en-espana-segun-sus-directivos\/#primaryimage"},"thumbnailUrl":"http:\/\/www.sciencesforlife.org\/wp-content\/uploads\/2022\/07\/MARCA_DEF-Con-Slogan-Vertical.png","articleSection":["NOTICIAS"],"inLanguage":"es","potentialAction":[{"@type":"CommentAction","name":"Comment","target":["http:\/\/www.sciencesforlife.org\/index.php\/2022\/07\/27\/retos-y-oportunidades-del-sector-medtech-en-espana-segun-sus-directivos\/#respond"]}]},{"@type":"WebPage","@id":"http:\/\/www.sciencesforlife.org\/index.php\/2022\/07\/27\/retos-y-oportunidades-del-sector-medtech-en-espana-segun-sus-directivos\/","url":"http:\/\/www.sciencesforlife.org\/index.php\/2022\/07\/27\/retos-y-oportunidades-del-sector-medtech-en-espana-segun-sus-directivos\/","name":"Retos y oportunidades del sector MedTech en Espa\u00f1a seg\u00fan sus directivos - SciencesForLife","isPartOf":{"@id":"https:\/\/www.sciencesforlife.org\/#website"},"primaryImageOfPage":{"@id":"http:\/\/www.sciencesforlife.org\/index.php\/2022\/07\/27\/retos-y-oportunidades-del-sector-medtech-en-espana-segun-sus-directivos\/#primaryimage"},"image":{"@id":"http:\/\/www.sciencesforlife.org\/index.php\/2022\/07\/27\/retos-y-oportunidades-del-sector-medtech-en-espana-segun-sus-directivos\/#primaryimage"},"thumbnailUrl":"http:\/\/www.sciencesforlife.org\/wp-content\/uploads\/2022\/07\/MARCA_DEF-Con-Slogan-Vertical.png","datePublished":"2022-07-27T09:19:00+00:00","dateModified":"2024-04-10T09:27:36+00:00","breadcrumb":{"@id":"http:\/\/www.sciencesforlife.org\/index.php\/2022\/07\/27\/retos-y-oportunidades-del-sector-medtech-en-espana-segun-sus-directivos\/#breadcrumb"},"inLanguage":"es","potentialAction":[{"@type":"ReadAction","target":["http:\/\/www.sciencesforlife.org\/index.php\/2022\/07\/27\/retos-y-oportunidades-del-sector-medtech-en-espana-segun-sus-directivos\/"]}]},{"@type":"ImageObject","inLanguage":"es","@id":"http:\/\/www.sciencesforlife.org\/index.php\/2022\/07\/27\/retos-y-oportunidades-del-sector-medtech-en-espana-segun-sus-directivos\/#primaryimage","url":"http:\/\/www.sciencesforlife.org\/wp-content\/uploads\/2022\/07\/MARCA_DEF-Con-Slogan-Vertical.png","contentUrl":"http:\/\/www.sciencesforlife.org\/wp-content\/uploads\/2022\/07\/MARCA_DEF-Con-Slogan-Vertical.png","width":437,"height":375},{"@type":"BreadcrumbList","@id":"http:\/\/www.sciencesforlife.org\/index.php\/2022\/07\/27\/retos-y-oportunidades-del-sector-medtech-en-espana-segun-sus-directivos\/#breadcrumb","itemListElement":[{"@type":"ListItem","position":1,"name":"Portada","item":"https:\/\/www.sciencesforlife.org\/"},{"@type":"ListItem","position":2,"name":"Retos y oportunidades del sector MedTech en Espa\u00f1a seg\u00fan sus directivos"}]},{"@type":"WebSite","@id":"https:\/\/www.sciencesforlife.org\/#website","url":"https:\/\/www.sciencesforlife.org\/","name":"S4L","description":"S&oacute;lo otro sitio de WordPress","publisher":{"@id":"https:\/\/www.sciencesforlife.org\/#organization"},"potentialAction":[{"@type":"SearchAction","target":{"@type":"EntryPoint","urlTemplate":"https:\/\/www.sciencesforlife.org\/?s={search_term_string}"},"query-input":"required name=search_term_string"}],"inLanguage":"es"},{"@type":"Organization","@id":"https:\/\/www.sciencesforlife.org\/#organization","name":"SFL","url":"https:\/\/www.sciencesforlife.org\/","logo":{"@type":"ImageObject","inLanguage":"es","@id":"https:\/\/www.sciencesforlife.org\/#\/schema\/logo\/image\/","url":"http:\/\/www.sciencesforlife.org\/wp-content\/uploads\/2022\/06\/sfl-fb-2.jpg","contentUrl":"http:\/\/www.sciencesforlife.org\/wp-content\/uploads\/2022\/06\/sfl-fb-2.jpg","width":1131,"height":555,"caption":"SFL"},"image":{"@id":"https:\/\/www.sciencesforlife.org\/#\/schema\/logo\/image\/"}},{"@type":"Person","@id":"https:\/\/www.sciencesforlife.org\/#\/schema\/person\/a4f9fdff324d320a33664e44250798a4","name":"admin","image":{"@type":"ImageObject","inLanguage":"es","@id":"https:\/\/www.sciencesforlife.org\/#\/schema\/person\/image\/","url":"https:\/\/secure.gravatar.com\/avatar\/f65bb83e1c30070e3e44b377babd417ce2e2adb4462b6c4e2a7daeca1cf2c6da?s=96&d=mm&r=g","contentUrl":"https:\/\/secure.gravatar.com\/avatar\/f65bb83e1c30070e3e44b377babd417ce2e2adb4462b6c4e2a7daeca1cf2c6da?s=96&d=mm&r=g","caption":"admin"},"sameAs":["http:\/\/www.sciencesforlife.org"],"url":"http:\/\/www.sciencesforlife.org\/index.php\/author\/admin\/"}]}},"_links":{"self":[{"href":"http:\/\/www.sciencesforlife.org\/index.php\/wp-json\/wp\/v2\/posts\/2714","targetHints":{"allow":["GET"]}}],"collection":[{"href":"http:\/\/www.sciencesforlife.org\/index.php\/wp-json\/wp\/v2\/posts"}],"about":[{"href":"http:\/\/www.sciencesforlife.org\/index.php\/wp-json\/wp\/v2\/types\/post"}],"author":[{"embeddable":true,"href":"http:\/\/www.sciencesforlife.org\/index.php\/wp-json\/wp\/v2\/users\/1"}],"replies":[{"embeddable":true,"href":"http:\/\/www.sciencesforlife.org\/index.php\/wp-json\/wp\/v2\/comments?post=2714"}],"version-history":[{"count":1,"href":"http:\/\/www.sciencesforlife.org\/index.php\/wp-json\/wp\/v2\/posts\/2714\/revisions"}],"predecessor-version":[{"id":2716,"href":"http:\/\/www.sciencesforlife.org\/index.php\/wp-json\/wp\/v2\/posts\/2714\/revisions\/2716"}],"wp:featuredmedia":[{"embeddable":true,"href":"http:\/\/www.sciencesforlife.org\/index.php\/wp-json\/wp\/v2\/media\/2478"}],"wp:attachment":[{"href":"http:\/\/www.sciencesforlife.org\/index.php\/wp-json\/wp\/v2\/media?parent=2714"}],"wp:term":[{"taxonomy":"category","embeddable":true,"href":"http:\/\/www.sciencesforlife.org\/index.php\/wp-json\/wp\/v2\/categories?post=2714"},{"taxonomy":"post_tag","embeddable":true,"href":"http:\/\/www.sciencesforlife.org\/index.php\/wp-json\/wp\/v2\/tags?post=2714"}],"curies":[{"name":"wp","href":"https:\/\/api.w.org\/{rel}","templated":true}]}}